{"id":1241,"date":"2024-10-03T13:56:52","date_gmt":"2024-10-03T16:56:52","guid":{"rendered":"https:\/\/lavvi.local\/lavvi-unveils-dynamic-new-brand-identityleading-the-charge-in-insurtech-innovation\/"},"modified":"2024-10-10T10:57:12","modified_gmt":"2024-10-10T13:57:12","slug":"lavvi-devoile-la-nouvelle-identite-de-sa-marque-a-la-pointe-de-linnovation-dans-lassurtech","status":"publish","type":"post","link":"https:\/\/lavvi.com\/fr\/lavvi-devoile-la-nouvelle-identite-de-sa-marque-a-la-pointe-de-linnovation-dans-lassurtech\/","title":{"rendered":"Lavvi d\u00e9voile la nouvelle identit\u00e9 de sa marque, \u00e0 la pointe de l\u2019innovation dans l\u2019assurtech."},"content":{"rendered":"\n<div class=\"wp-block-genesis-blocks-gb-columns gb-layout-columns-2 gb-2-col-wideleft\"><div class=\"gb-layout-column-wrap gb-block-layout-column-gap-2 gb-is-responsive-column\">\n<div class=\"wp-block-genesis-blocks-gb-column gb-block-layout-column\"><div class=\"gb-block-layout-column-inner\">\n<p>Moncton, Nouveau-Brunswick, Canada. Le 23&nbsp;septembre&nbsp;2024. Lavvi, pionnier dans le secteur de l\u2019assurance-vie, est fier de d\u00e9voiler la nouvelle identit\u00e9 de sa marque.<\/p>\n\n\n\n<p class=\"is-style-large-text\">Cette nouvelle image marque une \u00e9tape importante dans le parcours de Lavvi. Elle souligne la capacit\u00e9 de l\u2019entreprise \u00e0 s\u2019engager pour l\u2019innovation et la r\u00e9ussite des clients, et met en relief son aptitude \u00e0 se diff\u00e9rencier dans le paysage concurrentiel de l\u2019assurtech.<\/p>\n\n\n\n<figure class=\"wp-block-image size-large\"><img loading=\"lazy\" decoding=\"async\" width=\"1024\" height=\"663\" src=\"https:\/\/lavvi.com\/wp-content\/uploads\/2024\/10\/lavvi-branding-1024x663.jpg\" alt=\"\" class=\"wp-image-1295\" srcset=\"https:\/\/lavvi.com\/wp-content\/uploads\/2024\/10\/lavvi-branding-1024x663.jpg 1024w, https:\/\/lavvi.com\/wp-content\/uploads\/2024\/10\/lavvi-branding-300x194.jpg 300w, https:\/\/lavvi.com\/wp-content\/uploads\/2024\/10\/lavvi-branding-768x497.jpg 768w, https:\/\/lavvi.com\/wp-content\/uploads\/2024\/10\/lavvi-branding-1536x994.jpg 1536w, https:\/\/lavvi.com\/wp-content\/uploads\/2024\/10\/lavvi-branding.jpg 1800w\" sizes=\"auto, (max-width: 1024px) 100vw, 1024px\" \/><\/figure>\n\n\n\n<div style=\"height:30px\" aria-hidden=\"true\" class=\"wp-block-spacer\"><\/div>\n\n\n\n<h2 class=\"wp-block-heading\">Une nouvelle image nourrie par le progr\u00e8s<\/h2>\n\n\n\n<p>La nouvelle image de Lavvi ne consiste pas seulement en un changement d\u2019apparence&nbsp;: il s\u2019agit du reflet de la croissance de l\u2019entreprise et de sa vision de l\u2019avenir.<\/p>\n\n\n\n<p>Le nouveau logo, l\u2019iconographie dynamique et la palette de couleurs intenses symbolisent l\u2019\u00e9volution de Lavvi vers une marque qui est non seulement convaincante et authentique, mais \u00e9galement accessible et \u00e0 l\u2019\u00e9coute des besoins de ses clients.<\/p>\n\n\n\n<h2 class=\"wp-block-heading\">Au-del\u00e0 d\u2019une nouvelle apparence<\/h2>\n\n\n\n<p>Bien que l\u2019identit\u00e9 visuelle de Lavvi ait \u00e9volu\u00e9, l\u2019essence m\u00eame des services de l\u2019entreprise est pr\u00e9serv\u00e9e.<\/p>\n\n\n\n<p>Au c\u0153ur de la mission de Lavvi s\u2019inscrit la volont\u00e9 de donner les moyens aux compagnies d\u2019assurance-vie d\u2019Am\u00e9rique du Nord de disposer de plateformes de distribution num\u00e9rique \u00e0 la pointe de la technologie.<\/p>\n\n\n\n<p>Que ce soit pour une vente avec un conseiller, une vente en direct ou une vente hybride, les solutions de Lavvi fournissent une flexibilit\u00e9 et un niveau de contr\u00f4le in\u00e9gal\u00e9s qui permettent aux assureurs non seulement d\u2019atteindre leurs objectifs, mais de les d\u00e9passer.<\/p>\n\n\n\n<h2 class=\"wp-block-heading\">B\u00e2tie sur la confiance et l\u2019innovation<\/h2>\n\n\n\n<p>L\u2019histoire de Lavvi d\u00e9bute il y a 17&nbsp;ans avec TKS, un acteur pionnier pour la fourniture de solutions logicielles innovantes dans les secteurs du jeu vid\u00e9o, de l\u2019automobile et de l\u2019assurance.<\/p>\n\n\n\n<p>Il y a 4&nbsp;ans, l\u2019entreprise Lavvi s\u2019est impos\u00e9e comme une figure embl\u00e9matique de la distribution d\u2019assurance-vie, tirant profit de sa riche exp\u00e9rience pour r\u00e9volutionner le secteur.<\/p>\n\n\n\n<p>Aujourd\u2019hui, les principales compagnies d\u2019assurance lui font pleinement confiance et Lavvi continue d\u2019\u00e9voluer, en \u00e9tendant sa port\u00e9e et en augmentant son chiffre d\u2019affaires gr\u00e2ce \u00e0 des solutions strat\u00e9giques et innovantes.<\/p>\n\n\n\n<h2 class=\"wp-block-heading\">Tourn\u00e9e vers l\u2019avenir<\/h2>\n\n\n\n<p>Tandis qu\u2019elle d\u00e9ploie sa nouvelle identit\u00e9, l\u2019entreprise reste plus que jamais d\u00e9vou\u00e9e \u00e0 ses partenaires et ses clients.<\/p>\n\n\n\n<p>Ce changement d\u2019image sera visible sur tous les canaux de communication. Il se traduira notamment par le lancement d\u2019un nouveau site internet et par une participation accrue aux \u00e9v\u00e8nements majeurs du secteur tout au long de l\u2019ann\u00e9e.<\/p>\n\n\n\n<p>\u00ab&nbsp;Notre nouvelle identit\u00e9 n\u2019est pas uniquement un changement d\u2019apparence, il s\u2019agit de la r\u00e9affirmation de notre engagement envers nos clients.<\/p>\n\n\n\n<p>Chez Lavvi, nous nous impliquons pleinement pour fournir des solutions innovantes aux assureurs qui ne sont pas uniquement fonctionnelles, mais v\u00e9ritablement \u00e9volutives.<\/p>\n\n\n\n<p>Cette \u00e9volution est le reflet de notre engagement constant \u00e0 r\u00e9pondre aux besoins de nos partenaires qui ne cessent d\u2019\u00e9voluer, tout en veillant \u00e0 rester au premier plan dans le paysage de l\u2019assurtech.<\/p>\n\n\n\n<p>Plus important encore, il s\u2019agit de permettre \u00e0 un plus grand nombre de personnes d\u2019acc\u00e9der \u00e0 l\u2019assurance-vie dont elles ont besoin pour garantir leur avenir&nbsp;\u00bb a d\u00e9clar\u00e9 Ray Adamson, responsable client\u00e8le chez Lavvi.<\/p>\n\n\n\n<p>Lavvi invite l\u2019ensemble de ses parties prenantes \u00e0 f\u00eater cette nouvelle \u00e9tape palpitante et se r\u00e9jouit de conserver son poste de pionnier dans la transformation du secteur de l\u2019assurance-vie.<\/p>\n\n\n\n<h3 class=\"wp-block-heading\">Les demandes concernant la communication doivent \u00eatre adress\u00e9es \u00e0&nbsp;:<\/h3>\n\n\n\n<p>Daniel Haim<br>Responsable marketing, Lavvi<br>Courriel <a href=\"mailto:daniel.haim@lavvi.com\">daniel.haim@lavvi.com<\/a><br>Site internet <a href=\"https:\/\/lavvi.com\/fr\">lavvi.com<\/a><\/p>\n<\/div><\/div>\n\n\n\n<div class=\"wp-block-genesis-blocks-gb-column is-style-no-padding gb-block-layout-column\"><div class=\"gb-block-layout-column-inner\">\n<p><\/p>\n<\/div><\/div>\n<\/div><\/div>\n","protected":false},"excerpt":{"rendered":"","protected":false},"author":1,"featured_media":0,"comment_status":"closed","ping_status":"closed","sticky":false,"template":"","format":"standard","meta":{"_acf_changed":false,"footnotes":""},"categories":[18],"tags":[],"class_list":["post-1241","post","type-post","status-publish","format-standard","hentry","category-communique-de-presse"],"acf":[],"yoast_head":"<!-- This site is optimized with the Yoast SEO plugin v23.6 - https:\/\/yoast.com\/wordpress\/plugins\/seo\/ -->\n<title>Lavvi d\u00e9voile la nouvelle identit\u00e9 de sa marque, \u00e0 la pointe de l\u2019innovation dans l\u2019assurtech. - Lavvi<\/title>\n<meta name=\"robots\" content=\"index, follow, max-snippet:-1, max-image-preview:large, max-video-preview:-1\" \/>\n<link rel=\"canonical\" href=\"https:\/\/lavvi.com\/lavvi-unveils-dynamic-new-brand-identityleading-the-charge-in-insurtech-innovation\/\" \/>\n<meta property=\"og:locale\" content=\"fr_FR\" \/>\n<meta property=\"og:type\" content=\"article\" \/>\n<meta property=\"og:title\" content=\"Lavvi d\u00e9voile la nouvelle identit\u00e9 de sa marque, \u00e0 la pointe de l\u2019innovation dans l\u2019assurtech. - Lavvi\" \/>\n<meta property=\"og:url\" content=\"https:\/\/lavvi.com\/lavvi-unveils-dynamic-new-brand-identityleading-the-charge-in-insurtech-innovation\/\" \/>\n<meta property=\"og:site_name\" content=\"Lavvi\" \/>\n<meta property=\"article:published_time\" content=\"2024-10-03T16:56:52+00:00\" \/>\n<meta property=\"article:modified_time\" content=\"2024-10-10T13:57:12+00:00\" \/>\n<meta property=\"og:image\" content=\"https:\/\/lavvi.com\/wp-content\/uploads\/2024\/10\/lavvi-branding-1024x663.jpg\" \/>\n<meta name=\"author\" content=\"lavvidev\" \/>\n<meta name=\"twitter:card\" content=\"summary_large_image\" \/>\n<meta name=\"twitter:label1\" content=\"\u00c9crit par\" \/>\n\t<meta name=\"twitter:data1\" content=\"lavvidev\" \/>\n\t<meta name=\"twitter:label2\" content=\"Dur\u00e9e de lecture estim\u00e9e\" \/>\n\t<meta name=\"twitter:data2\" content=\"3 minutes\" \/>\n<script type=\"application\/ld+json\" class=\"yoast-schema-graph\">{\"@context\":\"https:\/\/schema.org\",\"@graph\":[{\"@type\":\"Article\",\"@id\":\"https:\/\/lavvi.com\/lavvi-unveils-dynamic-new-brand-identityleading-the-charge-in-insurtech-innovation\/#article\",\"isPartOf\":{\"@id\":\"https:\/\/lavvi.com\/lavvi-unveils-dynamic-new-brand-identityleading-the-charge-in-insurtech-innovation\/\"},\"author\":{\"name\":\"lavvidev\",\"@id\":\"https:\/\/lavvi.com\/#\/schema\/person\/6c6b8fb1e88a6bfdc934ad64a8255c38\"},\"headline\":\"Lavvi d\u00e9voile la nouvelle identit\u00e9 de sa marque, \u00e0 la pointe de l\u2019innovation dans l\u2019assurtech.\",\"datePublished\":\"2024-10-03T16:56:52+00:00\",\"dateModified\":\"2024-10-10T13:57:12+00:00\",\"mainEntityOfPage\":{\"@id\":\"https:\/\/lavvi.com\/lavvi-unveils-dynamic-new-brand-identityleading-the-charge-in-insurtech-innovation\/\"},\"wordCount\":639,\"publisher\":{\"@id\":\"https:\/\/lavvi.com\/#organization\"},\"image\":{\"@id\":\"https:\/\/lavvi.com\/lavvi-unveils-dynamic-new-brand-identityleading-the-charge-in-insurtech-innovation\/#primaryimage\"},\"thumbnailUrl\":\"https:\/\/lavvi.com\/wp-content\/uploads\/2024\/10\/lavvi-branding-1024x663.jpg\",\"articleSection\":[\"communiqu\u00e9 de presse\"],\"inLanguage\":\"fr-FR\"},{\"@type\":\"WebPage\",\"@id\":\"https:\/\/lavvi.com\/lavvi-unveils-dynamic-new-brand-identityleading-the-charge-in-insurtech-innovation\/\",\"url\":\"https:\/\/lavvi.com\/lavvi-unveils-dynamic-new-brand-identityleading-the-charge-in-insurtech-innovation\/\",\"name\":\"Lavvi d\u00e9voile la nouvelle identit\u00e9 de sa marque, \u00e0 la pointe de l\u2019innovation dans l\u2019assurtech. - Lavvi\",\"isPartOf\":{\"@id\":\"https:\/\/lavvi.com\/#website\"},\"primaryImageOfPage\":{\"@id\":\"https:\/\/lavvi.com\/lavvi-unveils-dynamic-new-brand-identityleading-the-charge-in-insurtech-innovation\/#primaryimage\"},\"image\":{\"@id\":\"https:\/\/lavvi.com\/lavvi-unveils-dynamic-new-brand-identityleading-the-charge-in-insurtech-innovation\/#primaryimage\"},\"thumbnailUrl\":\"https:\/\/lavvi.com\/wp-content\/uploads\/2024\/10\/lavvi-branding-1024x663.jpg\",\"datePublished\":\"2024-10-03T16:56:52+00:00\",\"dateModified\":\"2024-10-10T13:57:12+00:00\",\"breadcrumb\":{\"@id\":\"https:\/\/lavvi.com\/lavvi-unveils-dynamic-new-brand-identityleading-the-charge-in-insurtech-innovation\/#breadcrumb\"},\"inLanguage\":\"fr-FR\",\"potentialAction\":[{\"@type\":\"ReadAction\",\"target\":[\"https:\/\/lavvi.com\/lavvi-unveils-dynamic-new-brand-identityleading-the-charge-in-insurtech-innovation\/\"]}]},{\"@type\":\"ImageObject\",\"inLanguage\":\"fr-FR\",\"@id\":\"https:\/\/lavvi.com\/lavvi-unveils-dynamic-new-brand-identityleading-the-charge-in-insurtech-innovation\/#primaryimage\",\"url\":\"https:\/\/lavvi.com\/wp-content\/uploads\/2024\/10\/lavvi-branding-1024x663.jpg\",\"contentUrl\":\"https:\/\/lavvi.com\/wp-content\/uploads\/2024\/10\/lavvi-branding-1024x663.jpg\"},{\"@type\":\"BreadcrumbList\",\"@id\":\"https:\/\/lavvi.com\/lavvi-unveils-dynamic-new-brand-identityleading-the-charge-in-insurtech-innovation\/#breadcrumb\",\"itemListElement\":[{\"@type\":\"ListItem\",\"position\":1,\"name\":\"Home\",\"item\":\"https:\/\/lavvi.com\/fr\/\"},{\"@type\":\"ListItem\",\"position\":2,\"name\":\"Lavvi d\u00e9voile la nouvelle identit\u00e9 de sa marque, \u00e0 la pointe de l\u2019innovation dans l\u2019assurtech.\"}]},{\"@type\":\"WebSite\",\"@id\":\"https:\/\/lavvi.com\/#website\",\"url\":\"https:\/\/lavvi.com\/\",\"name\":\"Lavvi\",\"description\":\"\",\"publisher\":{\"@id\":\"https:\/\/lavvi.com\/#organization\"},\"potentialAction\":[{\"@type\":\"SearchAction\",\"target\":{\"@type\":\"EntryPoint\",\"urlTemplate\":\"https:\/\/lavvi.com\/?s={search_term_string}\"},\"query-input\":{\"@type\":\"PropertyValueSpecification\",\"valueRequired\":true,\"valueName\":\"search_term_string\"}}],\"inLanguage\":\"fr-FR\"},{\"@type\":\"Organization\",\"@id\":\"https:\/\/lavvi.com\/#organization\",\"name\":\"Lavvi\",\"url\":\"https:\/\/lavvi.com\/\",\"logo\":{\"@type\":\"ImageObject\",\"inLanguage\":\"fr-FR\",\"@id\":\"https:\/\/lavvi.com\/#\/schema\/logo\/image\/\",\"url\":\"https:\/\/lavvi.com\/wp-content\/uploads\/2024\/10\/LAVVI-Lockup-Colour-Black-RGB.png\",\"contentUrl\":\"https:\/\/lavvi.com\/wp-content\/uploads\/2024\/10\/LAVVI-Lockup-Colour-Black-RGB.png\",\"width\":5001,\"height\":1105,\"caption\":\"Lavvi\"},\"image\":{\"@id\":\"https:\/\/lavvi.com\/#\/schema\/logo\/image\/\"},\"sameAs\":[\"https:\/\/www.linkedin.com\/company\/lavvi-solutions\/posts\/?feedView=all\"]},{\"@type\":\"Person\",\"@id\":\"https:\/\/lavvi.com\/#\/schema\/person\/6c6b8fb1e88a6bfdc934ad64a8255c38\",\"name\":\"lavvidev\",\"sameAs\":[\"https:\/\/lavvi.com\"],\"url\":\"https:\/\/lavvi.com\/fr\/author\/lavvidev\/\"}]}<\/script>\n<!-- \/ Yoast SEO plugin. -->","yoast_head_json":{"title":"Lavvi d\u00e9voile la nouvelle identit\u00e9 de sa marque, \u00e0 la pointe de l\u2019innovation dans l\u2019assurtech. - Lavvi","robots":{"index":"index","follow":"follow","max-snippet":"max-snippet:-1","max-image-preview":"max-image-preview:large","max-video-preview":"max-video-preview:-1"},"canonical":"https:\/\/lavvi.com\/lavvi-unveils-dynamic-new-brand-identityleading-the-charge-in-insurtech-innovation\/","og_locale":"fr_FR","og_type":"article","og_title":"Lavvi d\u00e9voile la nouvelle identit\u00e9 de sa marque, \u00e0 la pointe de l\u2019innovation dans l\u2019assurtech. - Lavvi","og_url":"https:\/\/lavvi.com\/lavvi-unveils-dynamic-new-brand-identityleading-the-charge-in-insurtech-innovation\/","og_site_name":"Lavvi","article_published_time":"2024-10-03T16:56:52+00:00","article_modified_time":"2024-10-10T13:57:12+00:00","og_image":[{"url":"https:\/\/lavvi.com\/wp-content\/uploads\/2024\/10\/lavvi-branding-1024x663.jpg"}],"author":"lavvidev","twitter_card":"summary_large_image","twitter_misc":{"\u00c9crit par":"lavvidev","Dur\u00e9e de lecture estim\u00e9e":"3 minutes"},"schema":{"@context":"https:\/\/schema.org","@graph":[{"@type":"Article","@id":"https:\/\/lavvi.com\/lavvi-unveils-dynamic-new-brand-identityleading-the-charge-in-insurtech-innovation\/#article","isPartOf":{"@id":"https:\/\/lavvi.com\/lavvi-unveils-dynamic-new-brand-identityleading-the-charge-in-insurtech-innovation\/"},"author":{"name":"lavvidev","@id":"https:\/\/lavvi.com\/#\/schema\/person\/6c6b8fb1e88a6bfdc934ad64a8255c38"},"headline":"Lavvi d\u00e9voile la nouvelle identit\u00e9 de sa marque, \u00e0 la pointe de l\u2019innovation dans l\u2019assurtech.","datePublished":"2024-10-03T16:56:52+00:00","dateModified":"2024-10-10T13:57:12+00:00","mainEntityOfPage":{"@id":"https:\/\/lavvi.com\/lavvi-unveils-dynamic-new-brand-identityleading-the-charge-in-insurtech-innovation\/"},"wordCount":639,"publisher":{"@id":"https:\/\/lavvi.com\/#organization"},"image":{"@id":"https:\/\/lavvi.com\/lavvi-unveils-dynamic-new-brand-identityleading-the-charge-in-insurtech-innovation\/#primaryimage"},"thumbnailUrl":"https:\/\/lavvi.com\/wp-content\/uploads\/2024\/10\/lavvi-branding-1024x663.jpg","articleSection":["communiqu\u00e9 de presse"],"inLanguage":"fr-FR"},{"@type":"WebPage","@id":"https:\/\/lavvi.com\/lavvi-unveils-dynamic-new-brand-identityleading-the-charge-in-insurtech-innovation\/","url":"https:\/\/lavvi.com\/lavvi-unveils-dynamic-new-brand-identityleading-the-charge-in-insurtech-innovation\/","name":"Lavvi d\u00e9voile la nouvelle identit\u00e9 de sa marque, \u00e0 la pointe de l\u2019innovation dans l\u2019assurtech. - Lavvi","isPartOf":{"@id":"https:\/\/lavvi.com\/#website"},"primaryImageOfPage":{"@id":"https:\/\/lavvi.com\/lavvi-unveils-dynamic-new-brand-identityleading-the-charge-in-insurtech-innovation\/#primaryimage"},"image":{"@id":"https:\/\/lavvi.com\/lavvi-unveils-dynamic-new-brand-identityleading-the-charge-in-insurtech-innovation\/#primaryimage"},"thumbnailUrl":"https:\/\/lavvi.com\/wp-content\/uploads\/2024\/10\/lavvi-branding-1024x663.jpg","datePublished":"2024-10-03T16:56:52+00:00","dateModified":"2024-10-10T13:57:12+00:00","breadcrumb":{"@id":"https:\/\/lavvi.com\/lavvi-unveils-dynamic-new-brand-identityleading-the-charge-in-insurtech-innovation\/#breadcrumb"},"inLanguage":"fr-FR","potentialAction":[{"@type":"ReadAction","target":["https:\/\/lavvi.com\/lavvi-unveils-dynamic-new-brand-identityleading-the-charge-in-insurtech-innovation\/"]}]},{"@type":"ImageObject","inLanguage":"fr-FR","@id":"https:\/\/lavvi.com\/lavvi-unveils-dynamic-new-brand-identityleading-the-charge-in-insurtech-innovation\/#primaryimage","url":"https:\/\/lavvi.com\/wp-content\/uploads\/2024\/10\/lavvi-branding-1024x663.jpg","contentUrl":"https:\/\/lavvi.com\/wp-content\/uploads\/2024\/10\/lavvi-branding-1024x663.jpg"},{"@type":"BreadcrumbList","@id":"https:\/\/lavvi.com\/lavvi-unveils-dynamic-new-brand-identityleading-the-charge-in-insurtech-innovation\/#breadcrumb","itemListElement":[{"@type":"ListItem","position":1,"name":"Home","item":"https:\/\/lavvi.com\/fr\/"},{"@type":"ListItem","position":2,"name":"Lavvi d\u00e9voile la nouvelle identit\u00e9 de sa marque, \u00e0 la pointe de l\u2019innovation dans l\u2019assurtech."}]},{"@type":"WebSite","@id":"https:\/\/lavvi.com\/#website","url":"https:\/\/lavvi.com\/","name":"Lavvi","description":"","publisher":{"@id":"https:\/\/lavvi.com\/#organization"},"potentialAction":[{"@type":"SearchAction","target":{"@type":"EntryPoint","urlTemplate":"https:\/\/lavvi.com\/?s={search_term_string}"},"query-input":{"@type":"PropertyValueSpecification","valueRequired":true,"valueName":"search_term_string"}}],"inLanguage":"fr-FR"},{"@type":"Organization","@id":"https:\/\/lavvi.com\/#organization","name":"Lavvi","url":"https:\/\/lavvi.com\/","logo":{"@type":"ImageObject","inLanguage":"fr-FR","@id":"https:\/\/lavvi.com\/#\/schema\/logo\/image\/","url":"https:\/\/lavvi.com\/wp-content\/uploads\/2024\/10\/LAVVI-Lockup-Colour-Black-RGB.png","contentUrl":"https:\/\/lavvi.com\/wp-content\/uploads\/2024\/10\/LAVVI-Lockup-Colour-Black-RGB.png","width":5001,"height":1105,"caption":"Lavvi"},"image":{"@id":"https:\/\/lavvi.com\/#\/schema\/logo\/image\/"},"sameAs":["https:\/\/www.linkedin.com\/company\/lavvi-solutions\/posts\/?feedView=all"]},{"@type":"Person","@id":"https:\/\/lavvi.com\/#\/schema\/person\/6c6b8fb1e88a6bfdc934ad64a8255c38","name":"lavvidev","sameAs":["https:\/\/lavvi.com"],"url":"https:\/\/lavvi.com\/fr\/author\/lavvidev\/"}]}},"featured_image_src":null,"featured_image_src_square":null,"author_info":{"display_name":"lavvidev","author_link":"https:\/\/lavvi.com\/fr\/author\/lavvidev\/"},"_links":{"self":[{"href":"https:\/\/lavvi.com\/fr\/wp-json\/wp\/v2\/posts\/1241","targetHints":{"allow":["GET"]}}],"collection":[{"href":"https:\/\/lavvi.com\/fr\/wp-json\/wp\/v2\/posts"}],"about":[{"href":"https:\/\/lavvi.com\/fr\/wp-json\/wp\/v2\/types\/post"}],"author":[{"embeddable":true,"href":"https:\/\/lavvi.com\/fr\/wp-json\/wp\/v2\/users\/1"}],"replies":[{"embeddable":true,"href":"https:\/\/lavvi.com\/fr\/wp-json\/wp\/v2\/comments?post=1241"}],"version-history":[{"count":0,"href":"https:\/\/lavvi.com\/fr\/wp-json\/wp\/v2\/posts\/1241\/revisions"}],"wp:attachment":[{"href":"https:\/\/lavvi.com\/fr\/wp-json\/wp\/v2\/media?parent=1241"}],"wp:term":[{"taxonomy":"category","embeddable":true,"href":"https:\/\/lavvi.com\/fr\/wp-json\/wp\/v2\/categories?post=1241"},{"taxonomy":"post_tag","embeddable":true,"href":"https:\/\/lavvi.com\/fr\/wp-json\/wp\/v2\/tags?post=1241"}],"curies":[{"name":"wp","href":"https:\/\/api.w.org\/{rel}","templated":true}]}}